{"id":90,"date":"2023-08-29T18:10:49","date_gmt":"2023-08-29T22:10:49","guid":{"rendered":"https:\/\/foyerdecaridad.cl\/site\/?p=90"},"modified":"2024-01-04T11:27:11","modified_gmt":"2024-01-04T15:27:11","slug":"aca-el-titulo-de-lo-que-se-va-a-mostrar","status":"publish","type":"post","link":"https:\/\/foyerdecaridad.cl\/site\/2023\/08\/29\/aca-el-titulo-de-lo-que-se-va-a-mostrar\/","title":{"rendered":"La casa de mi coraz\u00f3n abierto a todos"},"content":{"rendered":"\n<p class=\"has-medium-font-size\">\u201c<strong><em>El Foyer es la casa de mi Coraz\u00f3n abierto a todos<\/em><\/strong>&nbsp;\u201c dijo el Se\u00f1or a Marta. Donde cualquier persona en b\u00fasqueda de Dios,&nbsp;encuentre luz, amor&nbsp;y sentido para su vida y si lo desea&nbsp;una formaci\u00f3n cristiana, a trav\u00e9s de un Retiro.<\/p>\n\n\n\n<p class=\"has-text-align-center has-white-color has-text-color has-background has-medium-font-size\" style=\"background-color:#f0990e\"><strong>LA CASA DE MI CORAZ\u00d3N ABIERTO A TODOS<\/strong><\/p>\n\n\n\n<div class=\"wp-block-buttons is-content-justification-center is-layout-flex wp-container-core-buttons-is-layout-16018d1d wp-block-buttons-is-layout-flex\">\n<div class=\"wp-block-button has-custom-font-size has-medium-font-size\"><a class=\"wp-block-button__link has-background has-text-align-center wp-element-button\" href=\"https:\/\/foyerdecaridad.cl\/site\/retiros\/\" style=\"background-color:#0a819a\"><strong>Saber m\u00e1s<\/strong><\/a><\/div>\n<\/div>\n\n\n\n<hr class=\"wp-block-separator has-text-color has-alpha-channel-opacity has-background is-style-wide\" style=\"background-color:#f0990e;color:#f0990e\"\/>\n\n\n\n<h2 class=\"wp-block-heading\">Conoce m\u00e1s sobre el Foyer<\/h2>\n\n\n<ul class=\"wp-block-latest-posts__list is-grid columns-3 wp-block-latest-posts\"><li><div class=\"wp-block-latest-posts__featured-image\"><img loading=\"lazy\" decoding=\"async\" width=\"150\" height=\"150\" src=\"https:\/\/i0.wp.com\/foyerdecaridad.cl\/site\/wp-content\/uploads\/2023\/09\/EntradasFoyer.png?resize=150%2C150&amp;ssl=1\" class=\"attachment-thumbnail size-thumbnail wp-post-image\" alt=\"\" style=\"\" srcset=\"https:\/\/i0.wp.com\/foyerdecaridad.cl\/site\/wp-content\/uploads\/2023\/09\/EntradasFoyer.png?resize=150%2C150&amp;ssl=1 150w, https:\/\/i0.wp.com\/foyerdecaridad.cl\/site\/wp-content\/uploads\/2023\/09\/EntradasFoyer.png?resize=300%2C300&amp;ssl=1 300w, https:\/\/i0.wp.com\/foyerdecaridad.cl\/site\/wp-content\/uploads\/2023\/09\/EntradasFoyer.png?zoom=3&amp;resize=150%2C150&amp;ssl=1 450w\" sizes=\"auto, (max-width: 150px) 100vw, 150px\" \/><\/div><a class=\"wp-block-latest-posts__post-title\" href=\"https:\/\/foyerdecaridad.cl\/site\/2023\/09\/16\/los-foyer-de-charite\/\">LOS FOYER DE CHARIT\u00c9<\/a><div class=\"wp-block-latest-posts__post-excerpt\">Los Foyer en el mundo El Foyer: una novedad para nuestros tiempos La familia de&#8230; <a class=\"wp-block-latest-posts__read-more\" href=\"https:\/\/foyerdecaridad.cl\/site\/2023\/09\/16\/los-foyer-de-charite\/\" rel=\"noopener noreferrer\">Lee m\u00e1s<span class=\"screen-reader-text\">: LOS FOYER DE CHARIT\u00c9<\/span><\/a><\/div><\/li>\n<li><div class=\"wp-block-latest-posts__featured-image\"><img loading=\"lazy\" decoding=\"async\" width=\"150\" height=\"150\" src=\"https:\/\/i0.wp.com\/foyerdecaridad.cl\/site\/wp-content\/uploads\/2023\/09\/EntradaChile.png?resize=150%2C150&amp;ssl=1\" class=\"attachment-thumbnail size-thumbnail wp-post-image\" alt=\"\" style=\"\" srcset=\"https:\/\/i0.wp.com\/foyerdecaridad.cl\/site\/wp-content\/uploads\/2023\/09\/EntradaChile.png?resize=150%2C150&amp;ssl=1 150w, https:\/\/i0.wp.com\/foyerdecaridad.cl\/site\/wp-content\/uploads\/2023\/09\/EntradaChile.png?resize=300%2C300&amp;ssl=1 300w, https:\/\/i0.wp.com\/foyerdecaridad.cl\/site\/wp-content\/uploads\/2023\/09\/EntradaChile.png?zoom=3&amp;resize=150%2C150&amp;ssl=1 450w\" sizes=\"auto, (max-width: 150px) 100vw, 150px\" \/><\/div><a class=\"wp-block-latest-posts__post-title\" href=\"https:\/\/foyerdecaridad.cl\/site\/2023\/09\/16\/el-foyer-de-chile\/\">EL FOYER DE CHILE<\/a><div class=\"wp-block-latest-posts__post-excerpt\">Naci\u00f3 el 13 de octubre de 1972 al llegar Mar\u00eda Teresa Perrone del Foyer de&#8230; <a class=\"wp-block-latest-posts__read-more\" href=\"https:\/\/foyerdecaridad.cl\/site\/2023\/09\/16\/el-foyer-de-chile\/\" rel=\"noopener noreferrer\">Lee m\u00e1s<span class=\"screen-reader-text\">: EL FOYER DE CHILE<\/span><\/a><\/div><\/li>\n<li><div class=\"wp-block-latest-posts__featured-image\"><img loading=\"lazy\" decoding=\"async\" width=\"150\" height=\"150\" src=\"https:\/\/i0.wp.com\/foyerdecaridad.cl\/site\/wp-content\/uploads\/2023\/09\/SerMiembroFoyer.png?resize=150%2C150&amp;ssl=1\" class=\"attachment-thumbnail size-thumbnail wp-post-image\" alt=\"\" style=\"\" srcset=\"https:\/\/i0.wp.com\/foyerdecaridad.cl\/site\/wp-content\/uploads\/2023\/09\/SerMiembroFoyer.png?resize=150%2C150&amp;ssl=1 150w, https:\/\/i0.wp.com\/foyerdecaridad.cl\/site\/wp-content\/uploads\/2023\/09\/SerMiembroFoyer.png?resize=300%2C300&amp;ssl=1 300w, https:\/\/i0.wp.com\/foyerdecaridad.cl\/site\/wp-content\/uploads\/2023\/09\/SerMiembroFoyer.png?zoom=3&amp;resize=150%2C150&amp;ssl=1 450w\" sizes=\"auto, (max-width: 150px) 100vw, 150px\" \/><\/div><a class=\"wp-block-latest-posts__post-title\" href=\"https:\/\/foyerdecaridad.cl\/site\/2023\/09\/16\/ser-miembro-del-foyer\/\">SER MIEMBRO DEL FOYER<\/a><div class=\"wp-block-latest-posts__post-excerpt\">\u00abDebemos ser santos por el ejercicio incesante de la caridad\u00bb (P. Finet). Marta los describi\u00f3&#8230; <a class=\"wp-block-latest-posts__read-more\" href=\"https:\/\/foyerdecaridad.cl\/site\/2023\/09\/16\/ser-miembro-del-foyer\/\" rel=\"noopener noreferrer\">Lee m\u00e1s<span class=\"screen-reader-text\">: SER MIEMBRO DEL FOYER<\/span><\/a><\/div><\/li>\n<\/ul>","protected":false},"excerpt":{"rendered":"<p>\u201cEl Foyer es la casa de mi Coraz\u00f3n abierto a todos\u00a0\u201c dijo el Se\u00f1or a Marta. Donde cualquier persona en b\u00fasqueda de Dios,\u00a0encuentre luz, amor\u00a0y sentido para su vida y si lo desea\u00a0una formaci\u00f3n cristiana, a trav\u00e9s de un Retiro.<\/p>\n","protected":false},"author":2,"featured_media":1148,"comment_status":"closed","ping_status":"closed","sticky":false,"template":"","format":"standard","meta":{"footnotes":""},"categories":[15],"tags":[],"class_list":["post-90","post","type-post","status-publish","format-standard","has-post-thumbnail","hentry","category-slider"],"_links":{"self":[{"href":"https:\/\/foyerdecaridad.cl\/site\/wp-json\/wp\/v2\/posts\/90","targetHints":{"allow":["GET"]}}],"collection":[{"href":"https:\/\/foyerdecaridad.cl\/site\/wp-json\/wp\/v2\/posts"}],"about":[{"href":"https:\/\/foyerdecaridad.cl\/site\/wp-json\/wp\/v2\/types\/post"}],"author":[{"embeddable":true,"href":"https:\/\/foyerdecaridad.cl\/site\/wp-json\/wp\/v2\/users\/2"}],"replies":[{"embeddable":true,"href":"https:\/\/foyerdecaridad.cl\/site\/wp-json\/wp\/v2\/comments?post=90"}],"version-history":[{"count":13,"href":"https:\/\/foyerdecaridad.cl\/site\/wp-json\/wp\/v2\/posts\/90\/revisions"}],"predecessor-version":[{"id":1156,"href":"https:\/\/foyerdecaridad.cl\/site\/wp-json\/wp\/v2\/posts\/90\/revisions\/1156"}],"wp:featuredmedia":[{"embeddable":true,"href":"https:\/\/foyerdecaridad.cl\/site\/wp-json\/wp\/v2\/media\/1148"}],"wp:attachment":[{"href":"https:\/\/foyerdecaridad.cl\/site\/wp-json\/wp\/v2\/media?parent=90"}],"wp:term":[{"taxonomy":"category","embeddable":true,"href":"https:\/\/foyerdecaridad.cl\/site\/wp-json\/wp\/v2\/categories?post=90"},{"taxonomy":"post_tag","embeddable":true,"href":"https:\/\/foyerdecaridad.cl\/site\/wp-json\/wp\/v2\/tags?post=90"}],"curies":[{"name":"wp","href":"https:\/\/api.w.org\/{rel}","templated":true}]}}