{"id":415,"date":"2023-09-16T17:15:31","date_gmt":"2023-09-16T21:15:31","guid":{"rendered":"https:\/\/foyerdecaridad.cl\/site\/?p=415"},"modified":"2023-09-22T16:56:34","modified_gmt":"2023-09-22T20:56:34","slug":"ser-miembro-del-foyer","status":"publish","type":"post","link":"https:\/\/foyerdecaridad.cl\/site\/2023\/09\/16\/ser-miembro-del-foyer\/","title":{"rendered":"SER MIEMBRO DEL FOYER"},"content":{"rendered":"\n<p class=\"has-text-color\" style=\"color:#986007\"><strong><em>\u00abDebemos ser santos por el ejercicio incesante de la caridad\u00bb (P. Finet).<\/em><\/strong><\/p>\n\n\n\n<ul class=\"has-medium-font-size wp-block-list\">\n<li>Nuestra vocaci\u00f3n: La unidad en la caridad.<\/li>\n\n\n\n<li>Nuestro carisma: la acogida. La vida de familia<\/li>\n\n\n\n<li>Nuestra vida: vida sencilla de trabajo, oraci\u00f3n y ofrenda al estilo de la Sagrada Familia de Nazareth, vida de compartir en comuni\u00f3n fraterna.<\/li>\n\n\n\n<li>Nuestros pilares: La eucarist\u00eda y adoraci\u00f3n diarias. La consagraci\u00f3n a la Virgen y el Santo Rosario meditado.<\/li>\n\n\n\n<li>Nuestra tarea: vivir cada vez m\u00e1s radicalmente (heroicamente) nuestro compromiso bautismal en el d\u00eda a d\u00eda, al servicio de los ejercitantes, evangelizando a trav\u00e9s de nuestra vida en comunidad, como los primeros cristianos.<\/li>\n\n\n\n<li>Nuestra misi\u00f3n: \u201cReanimar en el mundo el amor que se apaga\u201d (Marta Robin).<br>A trav\u00e9s de la predicaci\u00f3n de la Palabra de Dios en los retiros y nuestro testimonio de vida<br>comunitaria.<\/li>\n\n\n\n<li>Nuestro compromiso: Como los primeros cristianos. Poner en com\u00fan todo lo que tenemos.<\/li>\n\n\n\n<li>Los miembros del Foyer viven seg\u00fan el Evangelio para ser Foyers de Luz, de Caridad y de Amor para el mundo.<\/li>\n<\/ul>\n\n\n\n<pre class=\"wp-block-verse has-medium-font-size\">Marta los describi\u00f3 como \u201cFoyes de Luz\u201d que proponen una ense\u00f1anza coherente sobre los fundamentos de la fe.<\/pre>\n\n\n\n<p class=\"has-white-color has-text-color has-background has-medium-font-size\" style=\"background-color:#f0990e\"><strong>\u201cFoyers de Caridad\u201d que son lugares de amistad fraterna entre los miembros para los ejercitantes. <\/strong><\/p>\n\n\n\n<p class=\"has-white-color has-text-color has-background has-medium-font-size\" style=\"background-color:#0a819a\"><strong>Y \u201cFoyers de Amor\u201d que dan testimonio del amor recibido de Dios a todos los hombres.<\/strong><\/p>\n\n\n\n<hr class=\"wp-block-separator has-text-color has-alpha-channel-opacity has-background is-style-wide\" style=\"background-color:#f0990e;color:#f0990e\"\/>\n\n\n<ul class=\"wp-block-latest-posts__list is-grid columns-3 wp-block-latest-posts\"><li><div class=\"wp-block-latest-posts__featured-image\"><img loading=\"lazy\" decoding=\"async\" width=\"150\" height=\"150\" src=\"https:\/\/i0.wp.com\/foyerdecaridad.cl\/site\/wp-content\/uploads\/2023\/09\/EntradasFoyer.png?resize=150%2C150&amp;ssl=1\" class=\"attachment-thumbnail size-thumbnail wp-post-image\" alt=\"\" style=\"\" srcset=\"https:\/\/i0.wp.com\/foyerdecaridad.cl\/site\/wp-content\/uploads\/2023\/09\/EntradasFoyer.png?resize=150%2C150&amp;ssl=1 150w, https:\/\/i0.wp.com\/foyerdecaridad.cl\/site\/wp-content\/uploads\/2023\/09\/EntradasFoyer.png?resize=300%2C300&amp;ssl=1 300w, https:\/\/i0.wp.com\/foyerdecaridad.cl\/site\/wp-content\/uploads\/2023\/09\/EntradasFoyer.png?zoom=3&amp;resize=150%2C150&amp;ssl=1 450w\" sizes=\"auto, (max-width: 150px) 100vw, 150px\" \/><\/div><a class=\"wp-block-latest-posts__post-title\" href=\"https:\/\/foyerdecaridad.cl\/site\/2023\/09\/16\/los-foyer-de-charite\/\">LOS FOYER DE CHARIT\u00c9<\/a><div class=\"wp-block-latest-posts__post-excerpt\">Los Foyer en el mundo El Foyer: una novedad para nuestros tiempos La familia de&#8230; <a class=\"wp-block-latest-posts__read-more\" href=\"https:\/\/foyerdecaridad.cl\/site\/2023\/09\/16\/los-foyer-de-charite\/\" rel=\"noopener noreferrer\">Lee m\u00e1s<span class=\"screen-reader-text\">: LOS FOYER DE CHARIT\u00c9<\/span><\/a><\/div><\/li>\n<li><div class=\"wp-block-latest-posts__featured-image\"><img loading=\"lazy\" decoding=\"async\" width=\"150\" height=\"150\" src=\"https:\/\/i0.wp.com\/foyerdecaridad.cl\/site\/wp-content\/uploads\/2023\/09\/EntradaChile.png?resize=150%2C150&amp;ssl=1\" class=\"attachment-thumbnail size-thumbnail wp-post-image\" alt=\"\" style=\"\" srcset=\"https:\/\/i0.wp.com\/foyerdecaridad.cl\/site\/wp-content\/uploads\/2023\/09\/EntradaChile.png?resize=150%2C150&amp;ssl=1 150w, https:\/\/i0.wp.com\/foyerdecaridad.cl\/site\/wp-content\/uploads\/2023\/09\/EntradaChile.png?resize=300%2C300&amp;ssl=1 300w, https:\/\/i0.wp.com\/foyerdecaridad.cl\/site\/wp-content\/uploads\/2023\/09\/EntradaChile.png?zoom=3&amp;resize=150%2C150&amp;ssl=1 450w\" sizes=\"auto, (max-width: 150px) 100vw, 150px\" \/><\/div><a class=\"wp-block-latest-posts__post-title\" href=\"https:\/\/foyerdecaridad.cl\/site\/2023\/09\/16\/el-foyer-de-chile\/\">EL FOYER DE CHILE<\/a><div class=\"wp-block-latest-posts__post-excerpt\">Naci\u00f3 el 13 de octubre de 1972 al llegar Mar\u00eda Teresa Perrone del Foyer de&#8230; <a class=\"wp-block-latest-posts__read-more\" href=\"https:\/\/foyerdecaridad.cl\/site\/2023\/09\/16\/el-foyer-de-chile\/\" rel=\"noopener noreferrer\">Lee m\u00e1s<span class=\"screen-reader-text\">: EL FOYER DE CHILE<\/span><\/a><\/div><\/li>\n<li><div class=\"wp-block-latest-posts__featured-image\"><img loading=\"lazy\" decoding=\"async\" width=\"150\" height=\"150\" src=\"https:\/\/i0.wp.com\/foyerdecaridad.cl\/site\/wp-content\/uploads\/2023\/09\/SerMiembroFoyer.png?resize=150%2C150&amp;ssl=1\" class=\"attachment-thumbnail size-thumbnail wp-post-image\" alt=\"\" style=\"\" srcset=\"https:\/\/i0.wp.com\/foyerdecaridad.cl\/site\/wp-content\/uploads\/2023\/09\/SerMiembroFoyer.png?resize=150%2C150&amp;ssl=1 150w, https:\/\/i0.wp.com\/foyerdecaridad.cl\/site\/wp-content\/uploads\/2023\/09\/SerMiembroFoyer.png?resize=300%2C300&amp;ssl=1 300w, https:\/\/i0.wp.com\/foyerdecaridad.cl\/site\/wp-content\/uploads\/2023\/09\/SerMiembroFoyer.png?zoom=3&amp;resize=150%2C150&amp;ssl=1 450w\" sizes=\"auto, (max-width: 150px) 100vw, 150px\" \/><\/div><a class=\"wp-block-latest-posts__post-title\" href=\"https:\/\/foyerdecaridad.cl\/site\/2023\/09\/16\/ser-miembro-del-foyer\/\">SER MIEMBRO DEL FOYER<\/a><div class=\"wp-block-latest-posts__post-excerpt\">\u00abDebemos ser santos por el ejercicio incesante de la caridad\u00bb (P. Finet). Marta los describi\u00f3&#8230; <a class=\"wp-block-latest-posts__read-more\" href=\"https:\/\/foyerdecaridad.cl\/site\/2023\/09\/16\/ser-miembro-del-foyer\/\" rel=\"noopener noreferrer\">Lee m\u00e1s<span class=\"screen-reader-text\">: SER MIEMBRO DEL FOYER<\/span><\/a><\/div><\/li>\n<\/ul>","protected":false},"excerpt":{"rendered":"<p>\u00abDebemos ser santos por el ejercicio incesante de la caridad\u00bb (P. Finet). Marta los describi\u00f3 [&hellip;]<\/p>\n","protected":false},"author":2,"featured_media":847,"comment_status":"closed","ping_status":"closed","sticky":false,"template":"","format":"standard","meta":{"footnotes":""},"categories":[16,25],"tags":[],"class_list":["post-415","post","type-post","status-publish","format-standard","has-post-thumbnail","hentry","category-enlaces","category-foyer"],"_links":{"self":[{"href":"https:\/\/foyerdecaridad.cl\/site\/wp-json\/wp\/v2\/posts\/415","targetHints":{"allow":["GET"]}}],"collection":[{"href":"https:\/\/foyerdecaridad.cl\/site\/wp-json\/wp\/v2\/posts"}],"about":[{"href":"https:\/\/foyerdecaridad.cl\/site\/wp-json\/wp\/v2\/types\/post"}],"author":[{"embeddable":true,"href":"https:\/\/foyerdecaridad.cl\/site\/wp-json\/wp\/v2\/users\/2"}],"replies":[{"embeddable":true,"href":"https:\/\/foyerdecaridad.cl\/site\/wp-json\/wp\/v2\/comments?post=415"}],"version-history":[{"count":6,"href":"https:\/\/foyerdecaridad.cl\/site\/wp-json\/wp\/v2\/posts\/415\/revisions"}],"predecessor-version":[{"id":854,"href":"https:\/\/foyerdecaridad.cl\/site\/wp-json\/wp\/v2\/posts\/415\/revisions\/854"}],"wp:featuredmedia":[{"embeddable":true,"href":"https:\/\/foyerdecaridad.cl\/site\/wp-json\/wp\/v2\/media\/847"}],"wp:attachment":[{"href":"https:\/\/foyerdecaridad.cl\/site\/wp-json\/wp\/v2\/media?parent=415"}],"wp:term":[{"taxonomy":"category","embeddable":true,"href":"https:\/\/foyerdecaridad.cl\/site\/wp-json\/wp\/v2\/categories?post=415"},{"taxonomy":"post_tag","embeddable":true,"href":"https:\/\/foyerdecaridad.cl\/site\/wp-json\/wp\/v2\/tags?post=415"}],"curies":[{"name":"wp","href":"https:\/\/api.w.org\/{rel}","templated":true}]}}