{"id":413,"date":"2023-09-16T17:20:09","date_gmt":"2023-09-16T21:20:09","guid":{"rendered":"https:\/\/foyerdecaridad.cl\/site\/?p=413"},"modified":"2023-09-22T16:58:38","modified_gmt":"2023-09-22T20:58:38","slug":"el-foyer-de-chile","status":"publish","type":"post","link":"https:\/\/foyerdecaridad.cl\/site\/2023\/09\/16\/el-foyer-de-chile\/","title":{"rendered":"EL FOYER DE CHILE"},"content":{"rendered":"\n<div class=\"wp-block-media-text is-stacked-on-mobile\"><figure class=\"wp-block-media-text__media\"><img data-recalc-dims=\"1\" loading=\"lazy\" decoding=\"async\" width=\"640\" height=\"524\" src=\"https:\/\/i0.wp.com\/foyerdecaridad.cl\/site\/wp-content\/uploads\/2023\/09\/Foyer-1972-con-Mons.-Sanchez-copia-jpg.webp?resize=640%2C524&#038;ssl=1\" alt=\"\" class=\"wp-image-833 size-full\" srcset=\"https:\/\/i0.wp.com\/foyerdecaridad.cl\/site\/wp-content\/uploads\/2023\/09\/Foyer-1972-con-Mons.-Sanchez-copia-jpg.webp?w=849&amp;ssl=1 849w, https:\/\/i0.wp.com\/foyerdecaridad.cl\/site\/wp-content\/uploads\/2023\/09\/Foyer-1972-con-Mons.-Sanchez-copia-jpg.webp?resize=300%2C246&amp;ssl=1 300w, https:\/\/i0.wp.com\/foyerdecaridad.cl\/site\/wp-content\/uploads\/2023\/09\/Foyer-1972-con-Mons.-Sanchez-copia-jpg.webp?resize=768%2C629&amp;ssl=1 768w\" sizes=\"auto, (max-width: 640px) 100vw, 640px\" \/><\/figure><div class=\"wp-block-media-text__content\">\n<p class=\"has-medium-font-size\">Naci\u00f3 el 13 de octubre de 1972 al llegar Mar\u00eda Teresa Perrone del Foyer de la Gavotte (Francia), a juntarse con el padre Ram\u00f3n Ricciardi \u2013entonces p\u00e1rroco de Bellavista y luego coautor de la Biblia Latinoamericana\u2013 y con la se\u00f1ora Marta Laporte, feligresa de la parroquia.<\/p>\n<\/div><\/div>\n\n\n\n<p class=\"has-medium-font-size\"><\/p>\n\n\n\n<div class=\"wp-block-media-text has-media-on-the-right is-stacked-on-mobile\"><div class=\"wp-block-media-text__content\">\n<p class=\"has-medium-font-size\">El Foyer de Tom\u00e9, \u2013hasta ahora \u00fanico Foyer de Chile\u2013 cumpli\u00f3 50 a\u00f1os en 2022, estando Gladys Gajardo responsable de la Comunidad. Somos actualmente 7 miembros: Mar\u00eda Teresa Perrone, Gladys Gajardo, Christiane F. Lemberger, Elena Quiroga, Cristina Barra, Carmela Asencio y Andr\u00e9s Echeverr\u00eda.<\/p>\n<\/div><figure class=\"wp-block-media-text__media\"><img data-recalc-dims=\"1\" loading=\"lazy\" decoding=\"async\" width=\"640\" height=\"480\" src=\"https:\/\/i0.wp.com\/foyerdecaridad.cl\/site\/wp-content\/uploads\/2023\/09\/Foto10-1024x768.webp?resize=640%2C480&#038;ssl=1\" alt=\"\" class=\"wp-image-425 size-full\" srcset=\"https:\/\/i0.wp.com\/foyerdecaridad.cl\/site\/wp-content\/uploads\/2023\/09\/Foto10-jpeg.webp?resize=1024%2C768&amp;ssl=1 1024w, https:\/\/i0.wp.com\/foyerdecaridad.cl\/site\/wp-content\/uploads\/2023\/09\/Foto10-jpeg.webp?resize=300%2C225&amp;ssl=1 300w, https:\/\/i0.wp.com\/foyerdecaridad.cl\/site\/wp-content\/uploads\/2023\/09\/Foto10-jpeg.webp?resize=768%2C576&amp;ssl=1 768w, https:\/\/i0.wp.com\/foyerdecaridad.cl\/site\/wp-content\/uploads\/2023\/09\/Foto10-jpeg.webp?resize=1536%2C1152&amp;ssl=1 1536w, https:\/\/i0.wp.com\/foyerdecaridad.cl\/site\/wp-content\/uploads\/2023\/09\/Foto10-jpeg.webp?w=1600&amp;ssl=1 1600w, https:\/\/i0.wp.com\/foyerdecaridad.cl\/site\/wp-content\/uploads\/2023\/09\/Foto10-jpeg.webp?w=1280&amp;ssl=1 1280w\" sizes=\"auto, (max-width: 640px) 100vw, 640px\" \/><\/figure><\/div>\n\n\n\n<p class=\"has-medium-font-size\"><br>El padre Ram\u00f3n falleci\u00f3 el 15 de junio del 2018, a los 94 a\u00f1os. Estamos en espera de un padre para cumplir bien nuestra misi\u00f3n que une los dos Sacerdocios, ministerial y bautismal, en el sacerdocio de Cristo.<\/p>\n\n\n\n<p class=\"has-white-color has-text-color has-background has-medium-font-size\" style=\"background-color:#f0990e\"><strong>Hasta el a\u00f1o 2014, el Foyer fue unido a la parroquia. Desde 1976 se agreg\u00f3 otra rama de evangelizaci\u00f3n: la Editorial Foyer, escribiendo e imprimiendo vidas de santos, novenas, libros de catequesis y otros.<\/strong><\/p>\n\n\n\n<p class=\"has-medium-font-size\">En 1985 surgi\u00f3 una nueva de rama de evangelizaci\u00f3n: \u201cLa Radio que reza\u201d, FM 103.5. Salimos una hora y media de lunes a s\u00e1bado de 19:45 a 21:30 horas y con misa retransmitida desde el Foyer los domingos a las 10:00 horas, al aire tambi\u00e9n online google.<\/p>\n\n\n\n<p class=\"has-medium-font-size\">La Radio que reza con oraci\u00f3n de la noche, Santo Rosario meditado, comentario del Evangelio por un sacerdote y bendici\u00f3n, lectura espiritual y coronilla de la Divina Misericordia.<\/p>\n\n\n\n<p class=\"has-white-color has-text-color has-background has-medium-font-size\" style=\"background-color:#0a819a\"><strong>Desde el 2018 somos plataforma no 25 de Radio Mar\u00eda a quien cedimos nuestro dial restante de d\u00eda y de noche.<\/strong> <strong>Escuchar<\/strong> &#8211;&gt; <a href=\"#radio\" title=\"Aqu\u00ed\">Aqu\u00ed<\/a><\/p>\n\n\n\n<p class=\"has-medium-font-size\">Salimos ahora tambi\u00e9n por Facebook \u201cFoyer de Charit\u00e9\u201d y por Instagram @foyerdecharitetome. Ver nuestro instagram &#8211;&gt; <a href=\"https:\/\/www.instagram.com\/foyerdecharitetome\/\" title=\"\">Aqu\u00ed<\/a><\/p>\n\n\n\n<hr class=\"wp-block-separator has-text-color has-alpha-channel-opacity has-background is-style-wide\" style=\"background-color:#f0990e;color:#f0990e\"\/>\n\n\n\n<div class=\"wp-block-columns is-layout-flex wp-container-core-columns-is-layout-9d6595d7 wp-block-columns-is-layout-flex\">\n<div class=\"wp-block-column is-layout-flow wp-block-column-is-layout-flow\"><div class=\"wp-block-image\">\n<figure class=\"aligncenter size-large\"><img data-recalc-dims=\"1\" loading=\"lazy\" decoding=\"async\" width=\"640\" height=\"480\" src=\"https:\/\/i0.wp.com\/foyerdecaridad.cl\/site\/wp-content\/uploads\/2023\/09\/Foto21-1024x768.webp?resize=640%2C480&#038;ssl=1\" alt=\"\" class=\"wp-image-437\" srcset=\"https:\/\/i0.wp.com\/foyerdecaridad.cl\/site\/wp-content\/uploads\/2023\/09\/Foto21-jpeg.webp?resize=1024%2C768&amp;ssl=1 1024w, https:\/\/i0.wp.com\/foyerdecaridad.cl\/site\/wp-content\/uploads\/2023\/09\/Foto21-jpeg.webp?resize=300%2C225&amp;ssl=1 300w, https:\/\/i0.wp.com\/foyerdecaridad.cl\/site\/wp-content\/uploads\/2023\/09\/Foto21-jpeg.webp?resize=768%2C576&amp;ssl=1 768w, https:\/\/i0.wp.com\/foyerdecaridad.cl\/site\/wp-content\/uploads\/2023\/09\/Foto21-jpeg.webp?resize=1536%2C1152&amp;ssl=1 1536w, https:\/\/i0.wp.com\/foyerdecaridad.cl\/site\/wp-content\/uploads\/2023\/09\/Foto21-jpeg.webp?w=1600&amp;ssl=1 1600w, https:\/\/i0.wp.com\/foyerdecaridad.cl\/site\/wp-content\/uploads\/2023\/09\/Foto21-jpeg.webp?w=1280&amp;ssl=1 1280w\" sizes=\"auto, (max-width: 640px) 100vw, 640px\" \/><\/figure>\n<\/div><\/div>\n\n\n\n<div class=\"wp-block-column is-layout-flow wp-block-column-is-layout-flow\"><div class=\"wp-block-image\">\n<figure class=\"aligncenter size-large\"><img data-recalc-dims=\"1\" loading=\"lazy\" decoding=\"async\" width=\"640\" height=\"480\" src=\"https:\/\/i0.wp.com\/foyerdecaridad.cl\/site\/wp-content\/uploads\/2023\/09\/Foto16-1024x768.webp?resize=640%2C480&#038;ssl=1\" alt=\"\" class=\"wp-image-432\" srcset=\"https:\/\/i0.wp.com\/foyerdecaridad.cl\/site\/wp-content\/uploads\/2023\/09\/Foto16-jpeg.webp?resize=1024%2C768&amp;ssl=1 1024w, https:\/\/i0.wp.com\/foyerdecaridad.cl\/site\/wp-content\/uploads\/2023\/09\/Foto16-jpeg.webp?resize=300%2C225&amp;ssl=1 300w, https:\/\/i0.wp.com\/foyerdecaridad.cl\/site\/wp-content\/uploads\/2023\/09\/Foto16-jpeg.webp?resize=768%2C576&amp;ssl=1 768w, https:\/\/i0.wp.com\/foyerdecaridad.cl\/site\/wp-content\/uploads\/2023\/09\/Foto16-jpeg.webp?resize=1536%2C1152&amp;ssl=1 1536w, https:\/\/i0.wp.com\/foyerdecaridad.cl\/site\/wp-content\/uploads\/2023\/09\/Foto16-jpeg.webp?w=1600&amp;ssl=1 1600w, https:\/\/i0.wp.com\/foyerdecaridad.cl\/site\/wp-content\/uploads\/2023\/09\/Foto16-jpeg.webp?w=1280&amp;ssl=1 1280w\" sizes=\"auto, (max-width: 640px) 100vw, 640px\" \/><\/figure>\n<\/div><\/div>\n\n\n\n<div class=\"wp-block-column is-layout-flow wp-block-column-is-layout-flow\"><div class=\"wp-block-image\">\n<figure class=\"aligncenter size-large\"><img data-recalc-dims=\"1\" loading=\"lazy\" decoding=\"async\" width=\"640\" height=\"480\" src=\"https:\/\/i0.wp.com\/foyerdecaridad.cl\/site\/wp-content\/uploads\/2023\/09\/Foto18-1024x768.webp?resize=640%2C480&#038;ssl=1\" alt=\"\" class=\"wp-image-434\" srcset=\"https:\/\/i0.wp.com\/foyerdecaridad.cl\/site\/wp-content\/uploads\/2023\/09\/Foto18-jpeg.webp?resize=1024%2C768&amp;ssl=1 1024w, https:\/\/i0.wp.com\/foyerdecaridad.cl\/site\/wp-content\/uploads\/2023\/09\/Foto18-jpeg.webp?resize=300%2C225&amp;ssl=1 300w, https:\/\/i0.wp.com\/foyerdecaridad.cl\/site\/wp-content\/uploads\/2023\/09\/Foto18-jpeg.webp?resize=768%2C576&amp;ssl=1 768w, https:\/\/i0.wp.com\/foyerdecaridad.cl\/site\/wp-content\/uploads\/2023\/09\/Foto18-jpeg.webp?resize=1536%2C1152&amp;ssl=1 1536w, https:\/\/i0.wp.com\/foyerdecaridad.cl\/site\/wp-content\/uploads\/2023\/09\/Foto18-jpeg.webp?w=1600&amp;ssl=1 1600w, https:\/\/i0.wp.com\/foyerdecaridad.cl\/site\/wp-content\/uploads\/2023\/09\/Foto18-jpeg.webp?w=1280&amp;ssl=1 1280w\" sizes=\"auto, (max-width: 640px) 100vw, 640px\" \/><\/figure>\n<\/div><\/div>\n<\/div>\n\n\n\n<hr class=\"wp-block-separator has-text-color has-alpha-channel-opacity has-background is-style-wide\" style=\"background-color:#f0990e;color:#f0990e\"\/>\n\n\n\n<h2 class=\"wp-block-heading\">Conoce m\u00e1s sobre el Foyer<\/h2>\n\n\n<ul class=\"wp-block-latest-posts__list is-grid columns-3 wp-block-latest-posts\"><li><div class=\"wp-block-latest-posts__featured-image\"><img loading=\"lazy\" decoding=\"async\" width=\"150\" height=\"150\" src=\"https:\/\/i0.wp.com\/foyerdecaridad.cl\/site\/wp-content\/uploads\/2023\/09\/EntradasFoyer.png?resize=150%2C150&amp;ssl=1\" class=\"attachment-thumbnail size-thumbnail wp-post-image\" alt=\"\" style=\"\" srcset=\"https:\/\/i0.wp.com\/foyerdecaridad.cl\/site\/wp-content\/uploads\/2023\/09\/EntradasFoyer.png?resize=150%2C150&amp;ssl=1 150w, https:\/\/i0.wp.com\/foyerdecaridad.cl\/site\/wp-content\/uploads\/2023\/09\/EntradasFoyer.png?resize=300%2C300&amp;ssl=1 300w, https:\/\/i0.wp.com\/foyerdecaridad.cl\/site\/wp-content\/uploads\/2023\/09\/EntradasFoyer.png?zoom=3&amp;resize=150%2C150&amp;ssl=1 450w\" sizes=\"auto, (max-width: 150px) 100vw, 150px\" \/><\/div><a class=\"wp-block-latest-posts__post-title\" href=\"https:\/\/foyerdecaridad.cl\/site\/2023\/09\/16\/los-foyer-de-charite\/\">LOS FOYER DE CHARIT\u00c9<\/a><div class=\"wp-block-latest-posts__post-excerpt\">Los Foyer en el mundo El Foyer: una novedad para nuestros tiempos La familia de&#8230; <a class=\"wp-block-latest-posts__read-more\" href=\"https:\/\/foyerdecaridad.cl\/site\/2023\/09\/16\/los-foyer-de-charite\/\" rel=\"noopener noreferrer\">Lee m\u00e1s<span class=\"screen-reader-text\">: LOS FOYER DE CHARIT\u00c9<\/span><\/a><\/div><\/li>\n<li><div class=\"wp-block-latest-posts__featured-image\"><img loading=\"lazy\" decoding=\"async\" width=\"150\" height=\"150\" src=\"https:\/\/i0.wp.com\/foyerdecaridad.cl\/site\/wp-content\/uploads\/2023\/09\/EntradaChile.png?resize=150%2C150&amp;ssl=1\" class=\"attachment-thumbnail size-thumbnail wp-post-image\" alt=\"\" style=\"\" srcset=\"https:\/\/i0.wp.com\/foyerdecaridad.cl\/site\/wp-content\/uploads\/2023\/09\/EntradaChile.png?resize=150%2C150&amp;ssl=1 150w, https:\/\/i0.wp.com\/foyerdecaridad.cl\/site\/wp-content\/uploads\/2023\/09\/EntradaChile.png?resize=300%2C300&amp;ssl=1 300w, https:\/\/i0.wp.com\/foyerdecaridad.cl\/site\/wp-content\/uploads\/2023\/09\/EntradaChile.png?zoom=3&amp;resize=150%2C150&amp;ssl=1 450w\" sizes=\"auto, (max-width: 150px) 100vw, 150px\" \/><\/div><a class=\"wp-block-latest-posts__post-title\" href=\"https:\/\/foyerdecaridad.cl\/site\/2023\/09\/16\/el-foyer-de-chile\/\">EL FOYER DE CHILE<\/a><div class=\"wp-block-latest-posts__post-excerpt\">Naci\u00f3 el 13 de octubre de 1972 al llegar Mar\u00eda Teresa Perrone del Foyer de&#8230; <a class=\"wp-block-latest-posts__read-more\" href=\"https:\/\/foyerdecaridad.cl\/site\/2023\/09\/16\/el-foyer-de-chile\/\" rel=\"noopener noreferrer\">Lee m\u00e1s<span class=\"screen-reader-text\">: EL FOYER DE CHILE<\/span><\/a><\/div><\/li>\n<li><div class=\"wp-block-latest-posts__featured-image\"><img loading=\"lazy\" decoding=\"async\" width=\"150\" height=\"150\" src=\"https:\/\/i0.wp.com\/foyerdecaridad.cl\/site\/wp-content\/uploads\/2023\/09\/SerMiembroFoyer.png?resize=150%2C150&amp;ssl=1\" class=\"attachment-thumbnail size-thumbnail wp-post-image\" alt=\"\" style=\"\" srcset=\"https:\/\/i0.wp.com\/foyerdecaridad.cl\/site\/wp-content\/uploads\/2023\/09\/SerMiembroFoyer.png?resize=150%2C150&amp;ssl=1 150w, https:\/\/i0.wp.com\/foyerdecaridad.cl\/site\/wp-content\/uploads\/2023\/09\/SerMiembroFoyer.png?resize=300%2C300&amp;ssl=1 300w, https:\/\/i0.wp.com\/foyerdecaridad.cl\/site\/wp-content\/uploads\/2023\/09\/SerMiembroFoyer.png?zoom=3&amp;resize=150%2C150&amp;ssl=1 450w\" sizes=\"auto, (max-width: 150px) 100vw, 150px\" \/><\/div><a class=\"wp-block-latest-posts__post-title\" href=\"https:\/\/foyerdecaridad.cl\/site\/2023\/09\/16\/ser-miembro-del-foyer\/\">SER MIEMBRO DEL FOYER<\/a><div class=\"wp-block-latest-posts__post-excerpt\">\u00abDebemos ser santos por el ejercicio incesante de la caridad\u00bb (P. Finet). Marta los describi\u00f3&#8230; <a class=\"wp-block-latest-posts__read-more\" href=\"https:\/\/foyerdecaridad.cl\/site\/2023\/09\/16\/ser-miembro-del-foyer\/\" rel=\"noopener noreferrer\">Lee m\u00e1s<span class=\"screen-reader-text\">: SER MIEMBRO DEL FOYER<\/span><\/a><\/div><\/li>\n<\/ul>","protected":false},"excerpt":{"rendered":"<p>Naci\u00f3 el 13 de octubre de 1972 al llegar Mar\u00eda Teresa Perrone del Foyer de [&hellip;]<\/p>\n","protected":false},"author":2,"featured_media":855,"comment_status":"closed","ping_status":"closed","sticky":false,"template":"","format":"standard","meta":{"footnotes":""},"categories":[16,25],"tags":[],"class_list":["post-413","post","type-post","status-publish","format-standard","has-post-thumbnail","hentry","category-enlaces","category-foyer"],"_links":{"self":[{"href":"https:\/\/foyerdecaridad.cl\/site\/wp-json\/wp\/v2\/posts\/413","targetHints":{"allow":["GET"]}}],"collection":[{"href":"https:\/\/foyerdecaridad.cl\/site\/wp-json\/wp\/v2\/posts"}],"about":[{"href":"https:\/\/foyerdecaridad.cl\/site\/wp-json\/wp\/v2\/types\/post"}],"author":[{"embeddable":true,"href":"https:\/\/foyerdecaridad.cl\/site\/wp-json\/wp\/v2\/users\/2"}],"replies":[{"embeddable":true,"href":"https:\/\/foyerdecaridad.cl\/site\/wp-json\/wp\/v2\/comments?post=413"}],"version-history":[{"count":7,"href":"https:\/\/foyerdecaridad.cl\/site\/wp-json\/wp\/v2\/posts\/413\/revisions"}],"predecessor-version":[{"id":856,"href":"https:\/\/foyerdecaridad.cl\/site\/wp-json\/wp\/v2\/posts\/413\/revisions\/856"}],"wp:featuredmedia":[{"embeddable":true,"href":"https:\/\/foyerdecaridad.cl\/site\/wp-json\/wp\/v2\/media\/855"}],"wp:attachment":[{"href":"https:\/\/foyerdecaridad.cl\/site\/wp-json\/wp\/v2\/media?parent=413"}],"wp:term":[{"taxonomy":"category","embeddable":true,"href":"https:\/\/foyerdecaridad.cl\/site\/wp-json\/wp\/v2\/categories?post=413"},{"taxonomy":"post_tag","embeddable":true,"href":"https:\/\/foyerdecaridad.cl\/site\/wp-json\/wp\/v2\/tags?post=413"}],"curies":[{"name":"wp","href":"https:\/\/api.w.org\/{rel}","templated":true}]}}