{"id":403,"date":"2023-09-16T17:45:28","date_gmt":"2023-09-16T21:45:28","guid":{"rendered":"https:\/\/foyerdecaridad.cl\/site\/?p=403"},"modified":"2023-09-22T17:07:25","modified_gmt":"2023-09-22T21:07:25","slug":"marta-y-mi-vida","status":"publish","type":"post","link":"https:\/\/foyerdecaridad.cl\/site\/2023\/09\/16\/marta-y-mi-vida\/","title":{"rendered":"MARTA Y MI VIDA"},"content":{"rendered":"\n<p class=\"has-text-color has-medium-font-size\" style=\"color:#986007\">\u00a1<em><strong>Una amiga de verdad<\/strong><\/em>!<\/p>\n\n\n\n<hr class=\"wp-block-separator has-text-color has-alpha-channel-opacity has-background is-style-wide\" style=\"background-color:#f0990e;color:#f0990e\"\/>\n\n\n\n<p class=\"has-medium-font-size\">\u00abSoy lisiado\u2026 \u00a1No sirvo para nada!\u00bb<\/p>\n\n\n\n<p class=\"has-white-color has-text-color has-background has-medium-font-size\" style=\"background-color:#f0990e\"><strong>\u00abEstoy desilusionado, hastiado de la vida, sin fuerza ni \u00e1nimo\u2026\u00bb<\/strong><\/p>\n\n\n\n<p class=\"has-medium-font-size\">\u00abSoy adicto, depresivo\u2026\u00bb<\/p>\n\n\n\n<p class=\"has-white-color has-text-color has-background has-medium-font-size\" style=\"background-color:#0a819a\">\u00ab<strong>Estoy con una enfermedad incurabl<\/strong>e\u00bb<\/p>\n\n\n\n<p class=\"has-medium-font-size\">\u00ab\u00a1He pensado quitarme la vida\u2026!\u00bb<\/p>\n\n\n\n<hr class=\"wp-block-separator has-text-color has-alpha-channel-opacity has-background is-style-wide\" style=\"background-color:#f0990e;color:#f0990e\"\/>\n\n\n\n<div class=\"wp-block-group alignfull has-text-color has-background\" style=\"color:#000000;background-color:#ffffff\"><div class=\"wp-block-group__inner-container is-layout-flow wp-block-group-is-layout-flow\">\n<div style=\"height:64px\" aria-hidden=\"true\" class=\"wp-block-spacer\"><\/div>\n\n\n\n<h2 class=\"wp-block-heading has-text-align-center\" id=\"schedule-a-visit\" style=\"font-size:59px;line-height:1.15\">Martita \u00a1Ay\u00fadame!<\/h2>\n\n\n\n<div style=\"height:64px\" aria-hidden=\"true\" class=\"wp-block-spacer\"><\/div>\n<\/div><\/div>\n\n\n\n<hr class=\"wp-block-separator has-text-color has-alpha-channel-opacity has-background is-style-wide\" style=\"background-color:#f0990e;color:#f0990e\"\/>\n\n\n\n<p class=\"has-medium-font-size\">\u201cSean valientes!, dec\u00eda Marta \u00a1acudan a Jes\u00fas!<\/p>\n\n\n\n<p><\/p>\n\n\n\n<p class=\"has-medium-font-size\">\u201cMi alma est\u00e1 tan fuertemente encandilada por Jes\u00fas, envuelta de Jes\u00fas, ba\u00f1ada de Jes\u00fas que se olvida completamente de s\u00ed misma, para no ver m\u00e1s que a su bienamado\u201d (9-01-1931)<\/p>\n\n\n\n<p><\/p>\n\n\n\n<p class=\"has-medium-font-size\">\u201cCada ma\u00f1ana besemos con amor nuestro crucifijo, prometiendo a Jes\u00fas llevar pacientemente, generosamente, la cruz del d\u00eda\u201d (6-01-1931)<\/p>\n\n\n\n<p><\/p>\n\n\n\n<p class=\"has-medium-font-size\">\u201cLa uni\u00f3n a Dios, la vida interior\u2026 el desprendimiento son posibles en todos los caminos\u2026 accesibles a todas las almas\u2026\u201d (9-01-1931)<\/p>\n\n\n\n<p><\/p>\n\n\n\n<p class=\"has-medium-font-size\">\u201cBuscar a Dios, es la fe\u2026 encontrarlo es la esperanza\u2026 conocerlo, es el amor\u2026 sentirlo es la paz\u2026 saborearlo es la alegr\u00eda\u2026 poseerlo es la embriaguez\u201d (15-01-1931).<\/p>\n\n\n\n<p><\/p>\n\n\n\n<p class=\"has-medium-font-size\">\u201cSe me niega la acci\u00f3n en la tierra, pero Jes\u00fas me da el ejercer la acci\u00f3n de la oraci\u00f3n, del amor en el sufrimiento, en los sacrificios desconocidos. Eso parece est\u00e9ril en el mundo, pero cu\u00e1n fecunda delante de \u00c9l. Mi parte es muy bella, es la parte de Jes\u00fas y de Mar\u00eda, es la parte de los \u00e1ngeles en el cielo, que adoran y que oran. Dios m\u00edo, da a mi inactividad en desbordamientos, una actividad profunda que corresponda y sobrepase las m\u00e1s laboriosas tareas! (2-02-1931)<\/p>\n\n\n\n<hr class=\"wp-block-separator has-text-color has-alpha-channel-opacity has-background is-style-wide\" style=\"background-color:#f0990e;color:#f0990e\"\/>\n\n\n\n<div class=\"wp-block-group\"><div class=\"wp-block-group__inner-container is-layout-constrained wp-block-group-is-layout-constrained\">\n<h2 class=\"wp-block-heading\">Testimonios<\/h2>\n\n\n\n<blockquote class=\"wp-block-quote is-layout-flow wp-block-quote-is-layout-flow\">\n<p class=\"has-white-color has-text-color has-background has-medium-font-size\" style=\"background-color:#0a819a\"><em>\u00abMarta nos transmit\u00eda una fuerza que nos \u201crevitalizaba\u201d. Siempre hab\u00eda que marchar, volver a arrancar.\u00bb<\/em><\/p>\n<\/blockquote>\n\n\n\n<blockquote class=\"wp-block-quote is-layout-flow wp-block-quote-is-layout-flow\">\n<p class=\"has-white-background-color has-background has-medium-font-size\">A un miembro del Foyer:<em><br><em>\u201cSe necesitan santos. \u00a1Nada de mediocridad, nada de m\u00e1s o menos en un camino llano! Se necesita d\u00eda tras d\u00eda, minuto tras minuto, trepar una nueva cumbre, ir de ascensi\u00f3n a ascensi\u00f3n\u201d.<\/em><\/em><\/p>\n<\/blockquote>\n\n\n\n<blockquote class=\"wp-block-quote is-layout-flow wp-block-quote-is-layout-flow\">\n<p class=\"has-white-color has-text-color has-background has-medium-font-size\" style=\"background-color:#986007\">Marta se ingeniaba para hacer olvidar que estaba enferma y sufr\u00eda constantemente. <em>\u201cQuiero que alrededor m\u00edo y en m\u00ed irradie la armon\u00eda, la alegr\u00eda y la inmensa bondad de coraz\u00f3n\u201d (29- 3-1930)<\/em><\/p>\n<\/blockquote>\n\n\n\n<blockquote class=\"wp-block-quote is-layout-flow wp-block-quote-is-layout-flow\">\n<p class=\"has-white-background-color has-background has-medium-font-size\">Frente a un futuro roto, a la violencia del dolor, la incomprensi\u00f3n, Marta afirmaba: <em>\u201cDios es bueno, Dios es Padre, \u00a1Dios nos ama! Dios se compadece y alivia todos nuestros sufrimientos\u2026 Todos nuestros dolores, Jes\u00fas los comparte\u2026 Por todas nuestras cruces, quiere poner flores (Todas nuestras cruces, \u00c9l las hace florecer).<\/em>\u00ab<\/p>\n<\/blockquote>\n<\/div><\/div>\n\n\n\n<hr class=\"wp-block-separator has-text-color has-alpha-channel-opacity has-background is-style-wide\" style=\"background-color:#f0990e;color:#f0990e\"\/>\n\n\n\n<h2 class=\"wp-block-heading\">Conoce m\u00e1s sobre Marta<\/h2>\n\n\n<ul class=\"wp-block-latest-posts__list is-grid columns-3 wp-block-latest-posts\"><li><div class=\"wp-block-latest-posts__featured-image\"><img loading=\"lazy\" decoding=\"async\" width=\"150\" height=\"150\" src=\"https:\/\/i0.wp.com\/foyerdecaridad.cl\/site\/wp-content\/uploads\/2023\/09\/MartaTanPequenayTanGrande-1.png?resize=150%2C150&amp;ssl=1\" class=\"attachment-thumbnail size-thumbnail wp-post-image\" alt=\"\" style=\"\" srcset=\"https:\/\/i0.wp.com\/foyerdecaridad.cl\/site\/wp-content\/uploads\/2023\/09\/MartaTanPequenayTanGrande-1.png?resize=150%2C150&amp;ssl=1 150w, https:\/\/i0.wp.com\/foyerdecaridad.cl\/site\/wp-content\/uploads\/2023\/09\/MartaTanPequenayTanGrande-1.png?resize=300%2C300&amp;ssl=1 300w, https:\/\/i0.wp.com\/foyerdecaridad.cl\/site\/wp-content\/uploads\/2023\/09\/MartaTanPequenayTanGrande-1.png?zoom=3&amp;resize=150%2C150&amp;ssl=1 450w\" sizes=\"auto, (max-width: 150px) 100vw, 150px\" \/><\/div><a class=\"wp-block-latest-posts__post-title\" href=\"https:\/\/foyerdecaridad.cl\/site\/2023\/09\/16\/marta-tan-pequena-y-tan-grande\/\">MARTA, TAN PEQUE\u00d1A Y TAN GRANDE<\/a><div class=\"wp-block-latest-posts__post-excerpt\">\u00abMartita, te conf\u00edo&#8230; intenci\u00f3n&#8230; desde ya, \u00a1Gracias!\u00bb Testimonios \u00abMarta nos transmit\u00eda una fuerza que nos&#8230; <a class=\"wp-block-latest-posts__read-more\" href=\"https:\/\/foyerdecaridad.cl\/site\/2023\/09\/16\/marta-tan-pequena-y-tan-grande\/\" rel=\"noopener noreferrer\">Lee m\u00e1s<span class=\"screen-reader-text\">: MARTA, TAN PEQUE\u00d1A Y TAN GRANDE<\/span><\/a><\/div><\/li>\n<li><div class=\"wp-block-latest-posts__featured-image\"><img loading=\"lazy\" decoding=\"async\" width=\"150\" height=\"150\" src=\"https:\/\/i0.wp.com\/foyerdecaridad.cl\/site\/wp-content\/uploads\/2023\/09\/MartaVenerable.png?resize=150%2C150&amp;ssl=1\" class=\"attachment-thumbnail size-thumbnail wp-post-image\" alt=\"\" style=\"\" srcset=\"https:\/\/i0.wp.com\/foyerdecaridad.cl\/site\/wp-content\/uploads\/2023\/09\/MartaVenerable.png?resize=150%2C150&amp;ssl=1 150w, https:\/\/i0.wp.com\/foyerdecaridad.cl\/site\/wp-content\/uploads\/2023\/09\/MartaVenerable.png?resize=300%2C300&amp;ssl=1 300w, https:\/\/i0.wp.com\/foyerdecaridad.cl\/site\/wp-content\/uploads\/2023\/09\/MartaVenerable.png?zoom=3&amp;resize=150%2C150&amp;ssl=1 450w\" sizes=\"auto, (max-width: 150px) 100vw, 150px\" \/><\/div><a class=\"wp-block-latest-posts__post-title\" href=\"https:\/\/foyerdecaridad.cl\/site\/2023\/09\/16\/marta-venerable\/\">MARTA VENERABLE<\/a><div class=\"wp-block-latest-posts__post-excerpt\">S\u00edntesis de la \u201cPositio\u201d propuesta para la postulaci\u00f3n a la beatificaci\u00f3n de Marta Robin Las&#8230; <a class=\"wp-block-latest-posts__read-more\" href=\"https:\/\/foyerdecaridad.cl\/site\/2023\/09\/16\/marta-venerable\/\" rel=\"noopener noreferrer\">Lee m\u00e1s<span class=\"screen-reader-text\">: MARTA VENERABLE<\/span><\/a><\/div><\/li>\n<li><div class=\"wp-block-latest-posts__featured-image\"><img loading=\"lazy\" decoding=\"async\" width=\"150\" height=\"150\" src=\"https:\/\/i0.wp.com\/foyerdecaridad.cl\/site\/wp-content\/uploads\/2023\/09\/MartayMiVida.png?resize=150%2C150&amp;ssl=1\" class=\"attachment-thumbnail size-thumbnail wp-post-image\" alt=\"\" style=\"\" srcset=\"https:\/\/i0.wp.com\/foyerdecaridad.cl\/site\/wp-content\/uploads\/2023\/09\/MartayMiVida.png?resize=150%2C150&amp;ssl=1 150w, https:\/\/i0.wp.com\/foyerdecaridad.cl\/site\/wp-content\/uploads\/2023\/09\/MartayMiVida.png?resize=300%2C300&amp;ssl=1 300w, https:\/\/i0.wp.com\/foyerdecaridad.cl\/site\/wp-content\/uploads\/2023\/09\/MartayMiVida.png?zoom=3&amp;resize=150%2C150&amp;ssl=1 450w\" sizes=\"auto, (max-width: 150px) 100vw, 150px\" \/><\/div><a class=\"wp-block-latest-posts__post-title\" href=\"https:\/\/foyerdecaridad.cl\/site\/2023\/09\/16\/marta-y-mi-vida\/\">MARTA Y MI VIDA<\/a><div class=\"wp-block-latest-posts__post-excerpt\">\u00a1Una amiga de verdad! \u00abSoy lisiado\u2026 \u00a1No sirvo para nada!\u00bb \u00abEstoy desilusionado, hastiado de la&#8230; <a class=\"wp-block-latest-posts__read-more\" href=\"https:\/\/foyerdecaridad.cl\/site\/2023\/09\/16\/marta-y-mi-vida\/\" rel=\"noopener noreferrer\">Lee m\u00e1s<span class=\"screen-reader-text\">: MARTA Y MI VIDA<\/span><\/a><\/div><\/li>\n<\/ul>","protected":false},"excerpt":{"rendered":"<p>\u00a1Una amiga de verdad! \u00abSoy lisiado\u2026 \u00a1No sirvo para nada!\u00bb \u00abEstoy desilusionado, hastiado de la [&hellip;]<\/p>\n","protected":false},"author":2,"featured_media":745,"comment_status":"closed","ping_status":"closed","sticky":false,"template":"","format":"standard","meta":{"footnotes":""},"categories":[16,24],"tags":[],"class_list":["post-403","post","type-post","status-publish","format-standard","has-post-thumbnail","hentry","category-enlaces","category-marta"],"_links":{"self":[{"href":"https:\/\/foyerdecaridad.cl\/site\/wp-json\/wp\/v2\/posts\/403","targetHints":{"allow":["GET"]}}],"collection":[{"href":"https:\/\/foyerdecaridad.cl\/site\/wp-json\/wp\/v2\/posts"}],"about":[{"href":"https:\/\/foyerdecaridad.cl\/site\/wp-json\/wp\/v2\/types\/post"}],"author":[{"embeddable":true,"href":"https:\/\/foyerdecaridad.cl\/site\/wp-json\/wp\/v2\/users\/2"}],"replies":[{"embeddable":true,"href":"https:\/\/foyerdecaridad.cl\/site\/wp-json\/wp\/v2\/comments?post=403"}],"version-history":[{"count":19,"href":"https:\/\/foyerdecaridad.cl\/site\/wp-json\/wp\/v2\/posts\/403\/revisions"}],"predecessor-version":[{"id":862,"href":"https:\/\/foyerdecaridad.cl\/site\/wp-json\/wp\/v2\/posts\/403\/revisions\/862"}],"wp:featuredmedia":[{"embeddable":true,"href":"https:\/\/foyerdecaridad.cl\/site\/wp-json\/wp\/v2\/media\/745"}],"wp:attachment":[{"href":"https:\/\/foyerdecaridad.cl\/site\/wp-json\/wp\/v2\/media?parent=403"}],"wp:term":[{"taxonomy":"category","embeddable":true,"href":"https:\/\/foyerdecaridad.cl\/site\/wp-json\/wp\/v2\/categories?post=403"},{"taxonomy":"post_tag","embeddable":true,"href":"https:\/\/foyerdecaridad.cl\/site\/wp-json\/wp\/v2\/tags?post=403"}],"curies":[{"name":"wp","href":"https:\/\/api.w.org\/{rel}","templated":true}]}}