{"id":401,"date":"2023-09-16T17:50:59","date_gmt":"2023-09-16T21:50:59","guid":{"rendered":"https:\/\/foyerdecaridad.cl\/site\/?p=401"},"modified":"2023-09-22T17:08:51","modified_gmt":"2023-09-22T21:08:51","slug":"marta-venerable","status":"publish","type":"post","link":"https:\/\/foyerdecaridad.cl\/site\/2023\/09\/16\/marta-venerable\/","title":{"rendered":"MARTA VENERABLE"},"content":{"rendered":"\n<p class=\"has-text-color has-medium-font-size\" style=\"color:#986007\"><em><strong>S\u00edntesis de la \u201cPositio\u201d propuesta para la postulaci\u00f3n a la beatificaci\u00f3n de Marta Robin<\/strong><\/em><\/p>\n\n\n\n<p class=\"has-medium-font-size\"><strong>Las conclusiones generales del Proceso hasta el d\u00eda de hoy: <\/strong>\u201cNo es ni por los estigmas, ni por la ausencia de alimentos que el Papa Francisco ha declarado a Marta Robin \u201cvenerable\u201d en 2014. Es por la manera como vivi\u00f3 una aut\u00e9ntica vida cristiana en don profundo a Dios en las condiciones particularmente dif\u00edciles que han sido las suyas. En efecto, la vida espiritual de Marta Robin, las etapas del desarrollo de sus virtudes han tenido lugar no al lado de su enfermedad, sino en el seno mismo de aquella. Asumi\u00f3 su vida a pesar de todas sus limitaciones y lleg\u00f3 a ser un instrumento eficaz en las manos de Dios, sin dejar su lecho de enferma.<\/p>\n\n\n\n<p><\/p>\n\n\n\n<div class=\"wp-block-media-text is-stacked-on-mobile\" style=\"grid-template-columns:26% auto\"><figure class=\"wp-block-media-text__media\"><img data-recalc-dims=\"1\" loading=\"lazy\" decoding=\"async\" width=\"202\" height=\"249\" src=\"https:\/\/i0.wp.com\/foyerdecaridad.cl\/site\/wp-content\/uploads\/2023\/09\/images-3.jpeg?resize=202%2C249&#038;ssl=1\" alt=\"\" class=\"wp-image-734 size-full\"\/><\/figure><div class=\"wp-block-media-text__content\">\n<p class=\"has-medium-font-size\"><strong>La irradiaci\u00f3n de su vida y los frutos tangibles de su obra muestran que Dios acept\u00f3 su ofrenda<\/strong> (que a Dios le agrad\u00f3\u2026). A partir de una vida quebrantada, ella no par\u00f3 de transmitir el amor, la esperanza, la alegr\u00eda a aquellos que iban donde ella. Permaneci\u00f3 sencilla, llena de humor, de buen sentido y arraigada en lo esencial: dar el amor a todos los que la ven\u00edan a ver y permitirles encontrar a Dios, un Dios cercano y amoroso (amante) en su propia vida.<\/p>\n<\/div><\/div>\n\n\n\n<p class=\"has-medium-font-size\"><strong>Esta mujer es un modelo cercano para nosotros:<\/strong> uno no escoge sus pruebas pero, tomando conciencia que Dios las vive con nosotros, al lado nuestro, podemos elegir la manera de vivirles, para irradiar. El mensaje esencial de Marta Robin, es que la uni\u00f3n a Dios que es la santidad, es posible en todas las situaciones de vida; hasta las m\u00e1s pesadas y dif\u00edciles.<\/p>\n\n\n\n<div class=\"wp-block-media-text has-media-on-the-right is-stacked-on-mobile\" style=\"grid-template-columns:auto 24%\"><div class=\"wp-block-media-text__content\">\n<p class=\"has-medium-font-size\"><strong>Marta Robin puede inspirar a los hombres y a las mujeres de hoy<\/strong>, por su ejemplo de vida cristiana, su vida interior, su experiencia de la ternura de Dios como padre, su amor a la Virgen Mar\u00eda, su fidelidad a las ense\u00f1anzas de la Iglesia, su sentido del futuro de la Iglesia y su visi\u00f3n positiva del mundo.<\/p>\n<\/div><figure class=\"wp-block-media-text__media\"><img data-recalc-dims=\"1\" loading=\"lazy\" decoding=\"async\" width=\"199\" height=\"254\" src=\"https:\/\/i0.wp.com\/foyerdecaridad.cl\/site\/wp-content\/uploads\/2023\/09\/descarga-1.jpeg?resize=199%2C254&#038;ssl=1\" alt=\"\" class=\"wp-image-739 size-full\"\/><\/figure><\/div>\n\n\n\n<p class=\"has-medium-font-size\">Ella vivi\u00f3 la perfecci\u00f3n cristiana a su manera, sencilla, humilde y alegre. <\/p>\n\n\n\n<p class=\"has-medium-font-size\"><strong>Tres caracter\u00edsticas de su camino de santidad han sido particularmente destacadas:<\/strong><\/p>\n\n\n\n<div class=\"wp-block-columns is-layout-flex wp-container-core-columns-is-layout-9d6595d7 wp-block-columns-is-layout-flex\">\n<div class=\"wp-block-column is-layout-flow wp-block-column-is-layout-flow\">\n<p class=\"has-text-align-center has-text-color has-medium-font-size\" style=\"color:#986007\"><strong>1. Fe \u2013 Esperanza y amor<\/strong><\/p>\n<\/div>\n\n\n\n<div class=\"wp-block-column is-layout-flow wp-block-column-is-layout-flow\">\n<p class=\"has-text-align-center has-text-color has-medium-font-size\" style=\"color:#986007\"><strong>2.<\/strong> <strong>Fortaleza<\/strong><\/p>\n<\/div>\n\n\n\n<div class=\"wp-block-column is-layout-flow wp-block-column-is-layout-flow\">\n<p class=\"has-text-align-center has-text-color has-medium-font-size\" style=\"color:#986007\"><strong>3.<\/strong> <strong>Templanza \u2013 Justicia<\/strong><\/p>\n<\/div>\n<\/div>\n\n\n\n<pre class=\"wp-block-verse has-medium-font-size\">* 22-1-1930: \u201cDespu\u00e9s de a\u00f1os angustias, de profundos desgarros, despu\u00e9s de muchas pruebas f\u00edsicas y morales, me atrev\u00ed y escog\u00ed a Cristo Jes\u00fas\u201d.\n\n<\/pre>\n\n\n\n<p class=\"has-white-color has-text-color has-background has-medium-font-size\" style=\"background-color:#005470\">Un santo o un bienaventurado es un fiel que ha vivido las virtudes cristianas de manera heroica, es decir mejor que el promedio de los fieles, y que la Iglesia local decide de presentar como modelo, porque constata que los fieles se reconocen es este modelo.<\/p>\n\n\n\n<p><\/p>\n\n\n\n<p class=\"has-medium-font-size\"><strong>Una vida extraordinaria en lo ordinario: <\/strong>Nacida en 1902 Ch\u00e2teauneuf de Galaure, un pueblito al sur de Lyon en una familia de modestos agricultores. Marta Robin fue afectada a los 16 a\u00f1os de edad de una enfermedad paralizante progresiva. De los 18 a\u00f1os hasta su muerte (79 a\u00f1os) en 1981 quedar\u00e1 postrada en su cama. Pero es en el coraz\u00f3n de su sufrimiento que hace la experiencia del amor y de la bondad de Dios, de gracias m\u00edsticas intensas. La irradiaci\u00f3n de su vida atrajo a centenares de miles de visitadores de toda clase y origen. Ella les escucha, les aconseja, les reconforta y ora por ellos. A los 31 a\u00f1os recibe de Cristo la petici\u00f3n de crear una nueva Obra: Los Foyers de Charit\u00e9, que participar\u00e1n de la renovaci\u00f3n de la Iglesia en el esp\u00edritu del Vaticano II, promoviendo la misi\u00f3n de los laicos, con la ayuda de un padre espiritual, el padre Finet.<\/p>\n\n\n\n<p><\/p>\n\n\n\n<p class=\"has-white-color has-text-color has-background has-medium-font-size\" style=\"background-color:#f0990e\"><strong>Hoy hay m\u00e1s de 76 Foyers en el mundo, en 40 pa\u00edses. Re\u00fanen a sacerdote, laicos c\u00e9libes y matrimonios. Su misi\u00f3n principal es la oraci\u00f3n y la acogida para los retiros espirituales (Retiros fundamentales y otros).<\/strong><\/p>\n\n\n\n<p><\/p>\n\n\n\n<p class=\"has-medium-font-size\">Cada a\u00f1o miles de personas visitan su casa. En el mundo entero numerosos son los que han encontrado en el ejemplo de su vida un modelo de fe y esperanza\u201d.<\/p>\n\n\n\n<hr class=\"wp-block-separator has-text-color has-alpha-channel-opacity has-background is-style-wide\" style=\"background-color:#f0990e;color:#f0990e\"\/>\n\n\n\n<h2 class=\"wp-block-heading\">Conoce m\u00e1s sobre Marta<\/h2>\n\n\n<ul class=\"wp-block-latest-posts__list is-grid columns-3 wp-block-latest-posts\"><li><div class=\"wp-block-latest-posts__featured-image\"><img loading=\"lazy\" decoding=\"async\" width=\"150\" height=\"150\" src=\"https:\/\/i0.wp.com\/foyerdecaridad.cl\/site\/wp-content\/uploads\/2023\/09\/MartaTanPequenayTanGrande-1.png?resize=150%2C150&amp;ssl=1\" class=\"attachment-thumbnail size-thumbnail wp-post-image\" alt=\"\" style=\"\" srcset=\"https:\/\/i0.wp.com\/foyerdecaridad.cl\/site\/wp-content\/uploads\/2023\/09\/MartaTanPequenayTanGrande-1.png?resize=150%2C150&amp;ssl=1 150w, https:\/\/i0.wp.com\/foyerdecaridad.cl\/site\/wp-content\/uploads\/2023\/09\/MartaTanPequenayTanGrande-1.png?resize=300%2C300&amp;ssl=1 300w, https:\/\/i0.wp.com\/foyerdecaridad.cl\/site\/wp-content\/uploads\/2023\/09\/MartaTanPequenayTanGrande-1.png?zoom=3&amp;resize=150%2C150&amp;ssl=1 450w\" sizes=\"auto, (max-width: 150px) 100vw, 150px\" \/><\/div><a class=\"wp-block-latest-posts__post-title\" href=\"https:\/\/foyerdecaridad.cl\/site\/2023\/09\/16\/marta-tan-pequena-y-tan-grande\/\">MARTA, TAN PEQUE\u00d1A Y TAN GRANDE<\/a><div class=\"wp-block-latest-posts__post-excerpt\">\u00abMartita, te conf\u00edo&#8230; intenci\u00f3n&#8230; desde ya, \u00a1Gracias!\u00bb Testimonios \u00abMarta nos transmit\u00eda una fuerza que nos&#8230; <a class=\"wp-block-latest-posts__read-more\" href=\"https:\/\/foyerdecaridad.cl\/site\/2023\/09\/16\/marta-tan-pequena-y-tan-grande\/\" rel=\"noopener noreferrer\">Lee m\u00e1s<span class=\"screen-reader-text\">: MARTA, TAN PEQUE\u00d1A Y TAN GRANDE<\/span><\/a><\/div><\/li>\n<li><div class=\"wp-block-latest-posts__featured-image\"><img loading=\"lazy\" decoding=\"async\" width=\"150\" height=\"150\" src=\"https:\/\/i0.wp.com\/foyerdecaridad.cl\/site\/wp-content\/uploads\/2023\/09\/MartaVenerable.png?resize=150%2C150&amp;ssl=1\" class=\"attachment-thumbnail size-thumbnail wp-post-image\" alt=\"\" style=\"\" srcset=\"https:\/\/i0.wp.com\/foyerdecaridad.cl\/site\/wp-content\/uploads\/2023\/09\/MartaVenerable.png?resize=150%2C150&amp;ssl=1 150w, https:\/\/i0.wp.com\/foyerdecaridad.cl\/site\/wp-content\/uploads\/2023\/09\/MartaVenerable.png?resize=300%2C300&amp;ssl=1 300w, https:\/\/i0.wp.com\/foyerdecaridad.cl\/site\/wp-content\/uploads\/2023\/09\/MartaVenerable.png?zoom=3&amp;resize=150%2C150&amp;ssl=1 450w\" sizes=\"auto, (max-width: 150px) 100vw, 150px\" \/><\/div><a class=\"wp-block-latest-posts__post-title\" href=\"https:\/\/foyerdecaridad.cl\/site\/2023\/09\/16\/marta-venerable\/\">MARTA VENERABLE<\/a><div class=\"wp-block-latest-posts__post-excerpt\">S\u00edntesis de la \u201cPositio\u201d propuesta para la postulaci\u00f3n a la beatificaci\u00f3n de Marta Robin Las&#8230; <a class=\"wp-block-latest-posts__read-more\" href=\"https:\/\/foyerdecaridad.cl\/site\/2023\/09\/16\/marta-venerable\/\" rel=\"noopener noreferrer\">Lee m\u00e1s<span class=\"screen-reader-text\">: MARTA VENERABLE<\/span><\/a><\/div><\/li>\n<li><div class=\"wp-block-latest-posts__featured-image\"><img loading=\"lazy\" decoding=\"async\" width=\"150\" height=\"150\" src=\"https:\/\/i0.wp.com\/foyerdecaridad.cl\/site\/wp-content\/uploads\/2023\/09\/MartayMiVida.png?resize=150%2C150&amp;ssl=1\" class=\"attachment-thumbnail size-thumbnail wp-post-image\" alt=\"\" style=\"\" srcset=\"https:\/\/i0.wp.com\/foyerdecaridad.cl\/site\/wp-content\/uploads\/2023\/09\/MartayMiVida.png?resize=150%2C150&amp;ssl=1 150w, https:\/\/i0.wp.com\/foyerdecaridad.cl\/site\/wp-content\/uploads\/2023\/09\/MartayMiVida.png?resize=300%2C300&amp;ssl=1 300w, https:\/\/i0.wp.com\/foyerdecaridad.cl\/site\/wp-content\/uploads\/2023\/09\/MartayMiVida.png?zoom=3&amp;resize=150%2C150&amp;ssl=1 450w\" sizes=\"auto, (max-width: 150px) 100vw, 150px\" \/><\/div><a class=\"wp-block-latest-posts__post-title\" href=\"https:\/\/foyerdecaridad.cl\/site\/2023\/09\/16\/marta-y-mi-vida\/\">MARTA Y MI VIDA<\/a><div class=\"wp-block-latest-posts__post-excerpt\">\u00a1Una amiga de verdad! \u00abSoy lisiado\u2026 \u00a1No sirvo para nada!\u00bb \u00abEstoy desilusionado, hastiado de la&#8230; <a class=\"wp-block-latest-posts__read-more\" href=\"https:\/\/foyerdecaridad.cl\/site\/2023\/09\/16\/marta-y-mi-vida\/\" rel=\"noopener noreferrer\">Lee m\u00e1s<span class=\"screen-reader-text\">: MARTA Y MI VIDA<\/span><\/a><\/div><\/li>\n<\/ul>","protected":false},"excerpt":{"rendered":"<p>S\u00edntesis de la \u201cPositio\u201d propuesta para la postulaci\u00f3n a la beatificaci\u00f3n de Marta Robin Las [&hellip;]<\/p>\n","protected":false},"author":2,"featured_media":733,"comment_status":"closed","ping_status":"closed","sticky":false,"template":"","format":"standard","meta":{"footnotes":""},"categories":[16,24],"tags":[],"class_list":["post-401","post","type-post","status-publish","format-standard","has-post-thumbnail","hentry","category-enlaces","category-marta"],"_links":{"self":[{"href":"https:\/\/foyerdecaridad.cl\/site\/wp-json\/wp\/v2\/posts\/401","targetHints":{"allow":["GET"]}}],"collection":[{"href":"https:\/\/foyerdecaridad.cl\/site\/wp-json\/wp\/v2\/posts"}],"about":[{"href":"https:\/\/foyerdecaridad.cl\/site\/wp-json\/wp\/v2\/types\/post"}],"author":[{"embeddable":true,"href":"https:\/\/foyerdecaridad.cl\/site\/wp-json\/wp\/v2\/users\/2"}],"replies":[{"embeddable":true,"href":"https:\/\/foyerdecaridad.cl\/site\/wp-json\/wp\/v2\/comments?post=401"}],"version-history":[{"count":17,"href":"https:\/\/foyerdecaridad.cl\/site\/wp-json\/wp\/v2\/posts\/401\/revisions"}],"predecessor-version":[{"id":864,"href":"https:\/\/foyerdecaridad.cl\/site\/wp-json\/wp\/v2\/posts\/401\/revisions\/864"}],"wp:featuredmedia":[{"embeddable":true,"href":"https:\/\/foyerdecaridad.cl\/site\/wp-json\/wp\/v2\/media\/733"}],"wp:attachment":[{"href":"https:\/\/foyerdecaridad.cl\/site\/wp-json\/wp\/v2\/media?parent=401"}],"wp:term":[{"taxonomy":"category","embeddable":true,"href":"https:\/\/foyerdecaridad.cl\/site\/wp-json\/wp\/v2\/categories?post=401"},{"taxonomy":"post_tag","embeddable":true,"href":"https:\/\/foyerdecaridad.cl\/site\/wp-json\/wp\/v2\/tags?post=401"}],"curies":[{"name":"wp","href":"https:\/\/api.w.org\/{rel}","templated":true}]}}